{"id":6710,"date":"2024-05-25T07:18:44","date_gmt":"2024-05-25T07:18:44","guid":{"rendered":"https:\/\/suedwestfahrzeugtechnik.de\/?p=6710"},"modified":"2024-05-26T19:17:43","modified_gmt":"2024-05-26T19:17:43","slug":"die-umrustung-der-bmw-i3-hochvolt-batterie-von-60-ah-auf-120-ah","status":"publish","type":"post","link":"https:\/\/suedwestfahrzeugtechnik.de\/en\/die-umrustung-der-bmw-i3-hochvolt-batterie-von-60-ah-auf-120-ah\/","title":{"rendered":"Converting the BMW I3 high-voltage battery from 60 Ah to 120 Ah"},"content":{"rendered":"<div data-elementor-type=\"wp-post\" data-elementor-id=\"6710\" class=\"elementor elementor-6710\" data-elementor-post-type=\"post\">\n\t\t\t\t\t\t<section class=\"elementor-section elementor-top-section elementor-element elementor-element-a9f295a elementor-section-full_width elementor-section-height-default elementor-section-height-default qodef-elementor-content-no\" data-id=\"a9f295a\" data-element_type=\"section\" data-e-type=\"section\">\n\t\t\t\t\t\t<div class=\"elementor-container elementor-column-gap-default\">\n\t\t\t\t\t<div class=\"elementor-column elementor-col-100 elementor-top-column elementor-element elementor-element-3662d2c\" data-id=\"3662d2c\" data-element_type=\"column\" data-e-type=\"column\">\n\t\t\t<div class=\"elementor-widget-wrap elementor-element-populated\">\n\t\t\t\t\t\t<div class=\"elementor-element elementor-element-03895c4 elementor-widget elementor-widget-text-editor\" data-id=\"03895c4\" data-element_type=\"widget\" data-e-type=\"widget\" data-widget_type=\"text-editor.default\">\n\t\t\t\t<div class=\"elementor-widget-container\">\n\t\t\t\t\t\t\t\t\t<p>The BMW i3 was launched at the end of 2013 and was one of the brand's first electric vehicles. Previous models were also available with an optional range extender motor and featured a 60 Ah battery that has a range of up to 130 km when fully charged. However, times have changed over time and BMW has updated the model with larger capacity batteries over the years. <br \/>So what does it take to upgrade an older model with the newer, thicker and more powerful 120 Ah battery?<\/p>\t\t\t\t\t\t\t\t<\/div>\n\t\t\t\t<\/div>\n\t\t\t\t\t<\/div>\n\t\t<\/div>\n\t\t\t\t\t<\/div>\n\t\t<\/section>\n\t\t\t\t<section class=\"elementor-section elementor-top-section elementor-element elementor-element-524b0ce elementor-section-full_width elementor-section-height-default elementor-section-height-default qodef-elementor-content-no\" data-id=\"524b0ce\" data-element_type=\"section\" data-e-type=\"section\">\n\t\t\t\t\t\t<div class=\"elementor-container elementor-column-gap-default\">\n\t\t\t\t\t<div class=\"elementor-column elementor-col-100 elementor-top-column elementor-element elementor-element-b12a4ea\" data-id=\"b12a4ea\" data-element_type=\"column\" data-e-type=\"column\">\n\t\t\t<div class=\"elementor-widget-wrap elementor-element-populated\">\n\t\t\t\t\t\t<div class=\"elementor-element elementor-element-99b0f2f elementor-widget elementor-widget-text-editor\" data-id=\"99b0f2f\" data-element_type=\"widget\" data-e-type=\"widget\" data-widget_type=\"text-editor.default\">\n\t\t\t\t<div class=\"elementor-widget-container\">\n\t\t\t\t\t\t\t\t\t<blockquote><p>So what does it take to upgrade an older model with the newer, thicker and more powerful 120 Ah battery?<\/p><\/blockquote>\t\t\t\t\t\t\t\t<\/div>\n\t\t\t\t<\/div>\n\t\t\t\t\t<\/div>\n\t\t<\/div>\n\t\t\t\t\t<\/div>\n\t\t<\/section>\n\t\t\t\t<section class=\"elementor-section elementor-top-section elementor-element elementor-element-d18ca14 elementor-section-full_width elementor-section-height-default elementor-section-height-default qodef-elementor-content-no\" data-id=\"d18ca14\" data-element_type=\"section\" data-e-type=\"section\">\n\t\t\t\t\t\t<div class=\"elementor-container elementor-column-gap-default\">\n\t\t\t\t\t<div class=\"elementor-column elementor-col-100 elementor-top-column elementor-element elementor-element-dc7df5c\" data-id=\"dc7df5c\" data-element_type=\"column\" data-e-type=\"column\">\n\t\t\t<div class=\"elementor-widget-wrap elementor-element-populated\">\n\t\t\t\t\t\t<div class=\"elementor-element elementor-element-67b5ded elementor-widget elementor-widget-text-editor\" data-id=\"67b5ded\" data-element_type=\"widget\" data-e-type=\"widget\" data-widget_type=\"text-editor.default\">\n\t\t\t\t<div class=\"elementor-widget-container\">\n\t\t\t\t\t\t\t\t\t<p>There are two options for upgrading the battery unit in a BMW i3. The first option is to replace the entire battery unit. This involves replacing the old battery unit with a new 120 Ah battery unit. <br \/>Upgrading to a more powerful battery is possible without making any significant changes to the vehicle.<\/p><p>The second option is to replace the battery blocks in the existing battery unit. This involves replacing the existing battery blocks with 120 Ah battery blocks. However, this option requires special tools as well as time and know-how in battery repair.<\/p><p>Which option is best depends on several factors, including the age and condition of the existing battery. <br \/>It is therefore advisable to contact a certified BMW technician to consider the best solution for the BMW i3.<\/p>\t\t\t\t\t\t\t\t<\/div>\n\t\t\t\t<\/div>\n\t\t\t\t\t<\/div>\n\t\t<\/div>\n\t\t\t\t\t<\/div>\n\t\t<\/section>\n\t\t\t\t<section class=\"elementor-section elementor-top-section elementor-element elementor-element-79ef5a0 elementor-section-full_width elementor-section-height-default elementor-section-height-default qodef-elementor-content-no\" data-id=\"79ef5a0\" data-element_type=\"section\" data-e-type=\"section\">\n\t\t\t\t\t\t<div class=\"elementor-container elementor-column-gap-default\">\n\t\t\t\t\t<div class=\"elementor-column elementor-col-100 elementor-top-column elementor-element elementor-element-49d6971\" data-id=\"49d6971\" data-element_type=\"column\" data-e-type=\"column\">\n\t\t\t<div class=\"elementor-widget-wrap elementor-element-populated\">\n\t\t\t\t\t\t<div class=\"elementor-element elementor-element-fb8b659 elementor-widget elementor-widget-text-editor\" data-id=\"fb8b659\" data-element_type=\"widget\" data-e-type=\"widget\" data-widget_type=\"text-editor.default\">\n\t\t\t\t<div class=\"elementor-widget-container\">\n\t\t\t\t\t\t\t\t\t<p>In this project we converted the vehicle with the original I3 cells.<\/p>\t\t\t\t\t\t\t\t<\/div>\n\t\t\t\t<\/div>\n\t\t\t\t\t<\/div>\n\t\t<\/div>\n\t\t\t\t\t<\/div>\n\t\t<\/section>\n\t\t<div class=\"elementor-element elementor-element-f0307d7 e-flex e-con-boxed e-con e-parent\" data-id=\"f0307d7\" data-element_type=\"container\" data-e-type=\"container\">\n\t\t\t\t\t<div class=\"e-con-inner\">\n\t\t\t\t<div class=\"elementor-element elementor-element-584ce7a elementor-widget elementor-widget-gallery\" data-id=\"584ce7a\" data-element_type=\"widget\" data-e-type=\"widget\" data-settings=\"{&quot;columns&quot;:2,&quot;lazyload&quot;:&quot;yes&quot;,&quot;gallery_layout&quot;:&quot;grid&quot;,&quot;columns_tablet&quot;:2,&quot;columns_mobile&quot;:1,&quot;gap&quot;:{&quot;unit&quot;:&quot;px&quot;,&quot;size&quot;:10,&quot;sizes&quot;:[]},&quot;gap_tablet&quot;:{&quot;unit&quot;:&quot;px&quot;,&quot;size&quot;:10,&quot;sizes&quot;:[]},&quot;gap_mobile&quot;:{&quot;unit&quot;:&quot;px&quot;,&quot;size&quot;:10,&quot;sizes&quot;:[]},&quot;link_to&quot;:&quot;file&quot;,&quot;aspect_ratio&quot;:&quot;3:2&quot;,&quot;overlay_background&quot;:&quot;yes&quot;,&quot;content_hover_animation&quot;:&quot;fade-in&quot;}\" data-widget_type=\"gallery.default\">\n\t\t\t\t<div class=\"elementor-widget-container\">\n\t\t\t\t\t\t\t<div class=\"elementor-gallery__container\">\n\t\t\t\t\t\t\t<a class=\"e-gallery-item elementor-gallery-item elementor-animated-content\" href=\"https:\/\/b3560312.smushcdn.com\/3560312\/wp-content\/uploads\/2024\/05\/die-umrustung-der-BMW-I3-Hochvolt-Batterie-von-60-Ah-auf-120-Ah-1-scaled.jpg?lossy=2&strip=1&webp=1\" data-elementor-open-lightbox=\"yes\" data-elementor-lightbox-slideshow=\"584ce7a\" data-elementor-lightbox-title=\"die-umr\u00fcstung-der-BMW-I3-Hochvolt-Batterie-von-60-Ah-auf-120-Ah-1\" data-e-action-hash=\"#elementor-action%3Aaction%3Dlightbox%26settings%3DeyJpZCI6NjczMCwidXJsIjoiaHR0cHM6XC9cL3N1ZWR3ZXN0ZmFocnpldWd0ZWNobmlrLmRlXC93cC1jb250ZW50XC91cGxvYWRzXC8yMDI0XC8wNVwvZGllLXVtcnVzdHVuZy1kZXItQk1XLUkzLUhvY2h2b2x0LUJhdHRlcmllLXZvbi02MC1BaC1hdWYtMTIwLUFoLTEtc2NhbGVkLmpwZyIsInNsaWRlc2hvdyI6IjU4NGNlN2EifQ%3D%3D\">\n\t\t\t\t\t<div class=\"e-gallery-image elementor-gallery-item__image\" data-thumbnail=\"https:\/\/b3560312.smushcdn.com\/3560312\/wp-content\/uploads\/2024\/05\/die-umrustung-der-BMW-I3-Hochvolt-Batterie-von-60-Ah-auf-120-Ah-1-218x300.jpg?lossy=2&strip=1&webp=1\" data-width=\"218\" data-height=\"300\" aria-label=\"\" role=\"img\" ><\/div>\n\t\t\t\t\t\t\t\t\t\t\t<div class=\"elementor-gallery-item__overlay\"><\/div>\n\t\t\t\t\t\t\t\t\t\t\t\t\t\t<\/a>\n\t\t\t\t\t\t\t<a class=\"e-gallery-item elementor-gallery-item elementor-animated-content\" href=\"https:\/\/b3560312.smushcdn.com\/3560312\/wp-content\/uploads\/2024\/05\/die-umrustung-der-BMW-I3-Hochvolt-Batterie-von-60-Ah-auf-120-Ah-2.jpg?lossy=2&strip=1&webp=1\" data-elementor-open-lightbox=\"yes\" data-elementor-lightbox-slideshow=\"584ce7a\" data-elementor-lightbox-title=\"die-umr\u00fcstung-der-BMW-I3-Hochvolt-Batterie-von-60-Ah-auf-120-Ah-2\" data-e-action-hash=\"#elementor-action%3Aaction%3Dlightbox%26settings%3DeyJpZCI6NjczMSwidXJsIjoiaHR0cHM6XC9cL3N1ZWR3ZXN0ZmFocnpldWd0ZWNobmlrLmRlXC93cC1jb250ZW50XC91cGxvYWRzXC8yMDI0XC8wNVwvZGllLXVtcnVzdHVuZy1kZXItQk1XLUkzLUhvY2h2b2x0LUJhdHRlcmllLXZvbi02MC1BaC1hdWYtMTIwLUFoLTIuanBnIiwic2xpZGVzaG93IjoiNTg0Y2U3YSJ9\">\n\t\t\t\t\t<div class=\"e-gallery-image elementor-gallery-item__image\" data-thumbnail=\"https:\/\/b3560312.smushcdn.com\/3560312\/wp-content\/uploads\/2024\/05\/die-umrustung-der-BMW-I3-Hochvolt-Batterie-von-60-Ah-auf-120-Ah-2-296x300.jpg?lossy=2&strip=1&webp=1\" data-width=\"296\" data-height=\"300\" aria-label=\"\" role=\"img\" ><\/div>\n\t\t\t\t\t\t\t\t\t\t\t<div class=\"elementor-gallery-item__overlay\"><\/div>\n\t\t\t\t\t\t\t\t\t\t\t\t\t\t<\/a>\n\t\t\t\t\t\t\t<a class=\"e-gallery-item elementor-gallery-item elementor-animated-content\" href=\"https:\/\/b3560312.smushcdn.com\/3560312\/wp-content\/uploads\/2024\/05\/die-umrustung-der-BMW-I3-Hochvolt-Batterie-von-60-Ah-auf-120-Ah-3.jpg?lossy=2&strip=1&webp=1\" data-elementor-open-lightbox=\"yes\" data-elementor-lightbox-slideshow=\"584ce7a\" data-elementor-lightbox-title=\"die-umr\u00fcstung-der-BMW-I3-Hochvolt-Batterie-von-60-Ah-auf-120-Ah-3\" data-e-action-hash=\"#elementor-action%3Aaction%3Dlightbox%26settings%3DeyJpZCI6NjczMiwidXJsIjoiaHR0cHM6XC9cL3N1ZWR3ZXN0ZmFocnpldWd0ZWNobmlrLmRlXC93cC1jb250ZW50XC91cGxvYWRzXC8yMDI0XC8wNVwvZGllLXVtcnVzdHVuZy1kZXItQk1XLUkzLUhvY2h2b2x0LUJhdHRlcmllLXZvbi02MC1BaC1hdWYtMTIwLUFoLTMuanBnIiwic2xpZGVzaG93IjoiNTg0Y2U3YSJ9\">\n\t\t\t\t\t<div class=\"e-gallery-image elementor-gallery-item__image\" data-thumbnail=\"https:\/\/b3560312.smushcdn.com\/3560312\/wp-content\/uploads\/2024\/05\/die-umrustung-der-BMW-I3-Hochvolt-Batterie-von-60-Ah-auf-120-Ah-3-300x274.jpg?lossy=2&strip=1&webp=1\" data-width=\"300\" data-height=\"274\" aria-label=\"\" role=\"img\" ><\/div>\n\t\t\t\t\t\t\t\t\t\t\t<div class=\"elementor-gallery-item__overlay\"><\/div>\n\t\t\t\t\t\t\t\t\t\t\t\t\t\t<\/a>\n\t\t\t\t\t\t\t<a class=\"e-gallery-item elementor-gallery-item elementor-animated-content\" href=\"https:\/\/b3560312.smushcdn.com\/3560312\/wp-content\/uploads\/2024\/05\/die-umrustung-der-BMW-I3-Hochvolt-Batterie-von-60-Ah-auf-120-Ah-4.jpg?lossy=2&strip=1&webp=1\" data-elementor-open-lightbox=\"yes\" data-elementor-lightbox-slideshow=\"584ce7a\" data-elementor-lightbox-title=\"die-umr\u00fcstung-der-BMW-I3-Hochvolt-Batterie-von-60-Ah-auf-120-Ah-4\" data-e-action-hash=\"#elementor-action%3Aaction%3Dlightbox%26settings%3DeyJpZCI6NjczMywidXJsIjoiaHR0cHM6XC9cL3N1ZWR3ZXN0ZmFocnpldWd0ZWNobmlrLmRlXC93cC1jb250ZW50XC91cGxvYWRzXC8yMDI0XC8wNVwvZGllLXVtcnVzdHVuZy1kZXItQk1XLUkzLUhvY2h2b2x0LUJhdHRlcmllLXZvbi02MC1BaC1hdWYtMTIwLUFoLTQuanBnIiwic2xpZGVzaG93IjoiNTg0Y2U3YSJ9\">\n\t\t\t\t\t<div class=\"e-gallery-image elementor-gallery-item__image\" data-thumbnail=\"https:\/\/b3560312.smushcdn.com\/3560312\/wp-content\/uploads\/2024\/05\/die-umrustung-der-BMW-I3-Hochvolt-Batterie-von-60-Ah-auf-120-Ah-4-300x187.jpg?lossy=2&strip=1&webp=1\" data-width=\"300\" data-height=\"187\" aria-label=\"\" role=\"img\" ><\/div>\n\t\t\t\t\t\t\t\t\t\t\t<div class=\"elementor-gallery-item__overlay\"><\/div>\n\t\t\t\t\t\t\t\t\t\t\t\t\t\t<\/a>\n\t\t\t\t\t\t\t<a class=\"e-gallery-item elementor-gallery-item elementor-animated-content\" href=\"https:\/\/b3560312.smushcdn.com\/3560312\/wp-content\/uploads\/2024\/05\/die-umrustung-der-BMW-I3-Hochvolt-Batterie-von-60-Ah-auf-120-Ah-5-scaled.jpg?lossy=2&strip=1&webp=1\" data-elementor-open-lightbox=\"yes\" data-elementor-lightbox-slideshow=\"584ce7a\" data-elementor-lightbox-title=\"die-umr\u00fcstung-der-BMW-I3-Hochvolt-Batterie-von-60-Ah-auf-120-Ah-5\" data-e-action-hash=\"#elementor-action%3Aaction%3Dlightbox%26settings%3DeyJpZCI6NjczNCwidXJsIjoiaHR0cHM6XC9cL3N1ZWR3ZXN0ZmFocnpldWd0ZWNobmlrLmRlXC93cC1jb250ZW50XC91cGxvYWRzXC8yMDI0XC8wNVwvZGllLXVtcnVzdHVuZy1kZXItQk1XLUkzLUhvY2h2b2x0LUJhdHRlcmllLXZvbi02MC1BaC1hdWYtMTIwLUFoLTUtc2NhbGVkLmpwZyIsInNsaWRlc2hvdyI6IjU4NGNlN2EifQ%3D%3D\">\n\t\t\t\t\t<div class=\"e-gallery-image elementor-gallery-item__image\" data-thumbnail=\"https:\/\/b3560312.smushcdn.com\/3560312\/wp-content\/uploads\/2024\/05\/die-umrustung-der-BMW-I3-Hochvolt-Batterie-von-60-Ah-auf-120-Ah-5-300x190.jpg?lossy=2&strip=1&webp=1\" data-width=\"300\" data-height=\"190\" aria-label=\"\" role=\"img\" ><\/div>\n\t\t\t\t\t\t\t\t\t\t\t<div class=\"elementor-gallery-item__overlay\"><\/div>\n\t\t\t\t\t\t\t\t\t\t\t\t\t\t<\/a>\n\t\t\t\t\t\t\t<a class=\"e-gallery-item elementor-gallery-item elementor-animated-content\" href=\"https:\/\/b3560312.smushcdn.com\/3560312\/wp-content\/uploads\/2024\/05\/die-umrustung-der-BMW-I3-Hochvolt-Batterie-von-60-Ah-auf-120-Ah-6-scaled.jpg?lossy=2&strip=1&webp=1\" data-elementor-open-lightbox=\"yes\" data-elementor-lightbox-slideshow=\"584ce7a\" data-elementor-lightbox-title=\"die-umr\u00fcstung-der-BMW-I3-Hochvolt-Batterie-von-60-Ah-auf-120-Ah-6\" data-e-action-hash=\"#elementor-action%3Aaction%3Dlightbox%26settings%3DeyJpZCI6NjczNSwidXJsIjoiaHR0cHM6XC9cL3N1ZWR3ZXN0ZmFocnpldWd0ZWNobmlrLmRlXC93cC1jb250ZW50XC91cGxvYWRzXC8yMDI0XC8wNVwvZGllLXVtcnVzdHVuZy1kZXItQk1XLUkzLUhvY2h2b2x0LUJhdHRlcmllLXZvbi02MC1BaC1hdWYtMTIwLUFoLTYtc2NhbGVkLmpwZyIsInNsaWRlc2hvdyI6IjU4NGNlN2EifQ%3D%3D\">\n\t\t\t\t\t<div class=\"e-gallery-image elementor-gallery-item__image\" data-thumbnail=\"https:\/\/b3560312.smushcdn.com\/3560312\/wp-content\/uploads\/2024\/05\/die-umrustung-der-BMW-I3-Hochvolt-Batterie-von-60-Ah-auf-120-Ah-6-202x300.jpg?lossy=2&strip=1&webp=1\" data-width=\"202\" data-height=\"300\" aria-label=\"\" role=\"img\" ><\/div>\n\t\t\t\t\t\t\t\t\t\t\t<div class=\"elementor-gallery-item__overlay\"><\/div>\n\t\t\t\t\t\t\t\t\t\t\t\t\t\t<\/a>\n\t\t\t\t\t<\/div>\n\t\t\t\t\t<\/div>\n\t\t\t\t<\/div>\n\t\t\t\t\t<\/div>\n\t\t\t\t<\/div>\n\t\t\t\t<section class=\"elementor-section elementor-top-section elementor-element elementor-element-05ba11f qodef-elementor-content-grid qodef-btt-light elementor-section-full_width elementor-section-height-default elementor-section-height-default\" data-id=\"05ba11f\" data-element_type=\"section\" data-e-type=\"section\">\n\t\t\t\t\t\t<div class=\"elementor-container elementor-column-gap-default\">\n\t\t\t\t\t<div class=\"elementor-column elementor-col-100 elementor-top-column elementor-element elementor-element-666cdd3\" data-id=\"666cdd3\" data-element_type=\"column\" data-e-type=\"column\">\n\t\t\t<div class=\"elementor-widget-wrap elementor-element-populated\">\n\t\t\t\t\t\t<div class=\"elementor-element elementor-element-fafcdb3 elementor-widget elementor-widget-shiftup_core_section_title\" data-id=\"fafcdb3\" data-element_type=\"widget\" data-e-type=\"widget\" data-widget_type=\"shiftup_core_section_title.default\">\n\t\t\t\t<div class=\"elementor-widget-container\">\n\t\t\t\t\t<div class=\"qodef-shortcode qodef-m  qodef-section-title qodef-alignment--left\">\n\t\t<h3 class=\"qodef-m-title\" style=\"color: #FFFFFF\">\n\t\t\t\t\tDiscover all our special services\t\t\t<\/h3>\n\t<\/div>\n\t\t\t\t<\/div>\n\t\t\t\t<\/div>\n\t\t\t\t\t<\/div>\n\t\t<\/div>\n\t\t\t\t\t<\/div>\n\t\t<\/section>\n\t\t\t\t<section class=\"elementor-section elementor-top-section elementor-element elementor-element-a4a30f1 elementor-section-full_width elementor-section-height-default elementor-section-height-default qodef-elementor-content-no\" data-id=\"a4a30f1\" data-element_type=\"section\" data-e-type=\"section\">\n\t\t\t\t\t\t<div class=\"elementor-container elementor-column-gap-default\">\n\t\t\t\t\t<div class=\"elementor-column elementor-col-100 elementor-top-column elementor-element elementor-element-b71738b\" data-id=\"b71738b\" data-element_type=\"column\" data-e-type=\"column\">\n\t\t\t<div class=\"elementor-widget-wrap elementor-element-populated\">\n\t\t\t\t\t\t<div class=\"elementor-element elementor-element-2c49c87 elementor-widget elementor-widget-text-editor\" data-id=\"2c49c87\" data-element_type=\"widget\" data-e-type=\"widget\" data-widget_type=\"text-editor.default\">\n\t\t\t\t<div class=\"elementor-widget-container\">\n\t\t\t\t\t\t\t\t\t<p>Unlock your vehicle's full potential with S\u00fcd-West Fahrzeugtechnik's first-class automotive services. Whether you need precise ECU coding and programming, expertise in cloning or repairing ECUs, specialized retrofits for BMWs, or meticulous high-voltage battery repairs for electric and hybrid vehicles, our experienced team is here to help. Enhance your driving experience with our customized solutions that meet the highest safety, comfort and performance standards.<\/p><p>Discover our services or contact us!<\/p>\t\t\t\t\t\t\t\t<\/div>\n\t\t\t\t<\/div>\n\t\t\t\t\t<\/div>\n\t\t<\/div>\n\t\t\t\t\t<\/div>\n\t\t<\/section>\n\t\t\t\t<section class=\"elementor-section elementor-top-section elementor-element elementor-element-f5df4e6 elementor-section-full_width elementor-section-height-default elementor-section-height-default qodef-elementor-content-no\" data-id=\"f5df4e6\" data-element_type=\"section\" data-e-type=\"section\">\n\t\t\t\t\t\t<div class=\"elementor-container elementor-column-gap-default\">\n\t\t\t\t\t<div class=\"elementor-column elementor-col-100 elementor-top-column elementor-element elementor-element-4b04a8c\" data-id=\"4b04a8c\" data-element_type=\"column\" data-e-type=\"column\">\n\t\t\t<div class=\"elementor-widget-wrap elementor-element-populated\">\n\t\t\t\t\t\t<div class=\"elementor-element elementor-element-a6ba430 elementor-widget__width-auto elementor-widget elementor-widget-shiftup_core_button\" data-id=\"a6ba430\" data-element_type=\"widget\" data-e-type=\"widget\" data-widget_type=\"shiftup_core_button.default\">\n\t\t\t\t<div class=\"elementor-widget-container\">\n\t\t\t\t\t<a class=\"qodef-shortcode qodef-m  qodef-button qodef-layout--filled  qodef-html--link\" href=\"https:\/\/suedwestfahrzeugtechnik.de\/en\/dienstleistungen\/\" target=\"_self\"  style=\"font-size: 15px;font-weight: 600;margin: 30px 0 0 0\">\n\t\t<span class=\"qodef-m-text\">Services<\/span>\n<\/a>\n\t\t\t\t<\/div>\n\t\t\t\t<\/div>\n\t\t\t\t<div class=\"elementor-element elementor-element-e7c50aa elementor-widget__width-auto elementor-widget elementor-widget-shiftup_core_button\" data-id=\"e7c50aa\" data-element_type=\"widget\" data-e-type=\"widget\" data-widget_type=\"shiftup_core_button.default\">\n\t\t\t\t<div class=\"elementor-widget-container\">\n\t\t\t\t\t<a class=\"qodef-shortcode qodef-m  qodef-button qodef-layout--filled  qodef-html--link\" href=\"https:\/\/suedwestfahrzeugtechnik.de\/en\/kontakt\/\" target=\"_self\"  style=\"font-size: 15px;font-weight: 600;margin: 30px 0 0 0\">\n\t\t<span class=\"qodef-m-text\">Contact<\/span>\n<\/a>\n\t\t\t\t<\/div>\n\t\t\t\t<\/div>\n\t\t\t\t\t<\/div>\n\t\t<\/div>\n\t\t\t\t\t<\/div>\n\t\t<\/section>\n\t\t\t\t<\/div>","protected":false},"excerpt":{"rendered":"<p>Der BMW i3 wurde Ende 2013 auf dem Markt eingef\u00fchrt und war eines der ersten Elektrofahrzeuge der Marke. Fr\u00fchere Modelle waren auch mit einem optionalen Reichweitenverl\u00e4ngerungsmotor erh\u00e4ltlich und verf\u00fcgten \u00fcber eine 60-Ah-Batterie, die bei voller Ladung eine Reichweite von bis zu 130 km hat. Allerdings haben sich im Laufe der Zeit die Zeiten ge\u00e4ndert, und [&hellip;]<\/p>\n","protected":false},"author":1,"featured_media":6719,"comment_status":"closed","ping_status":"closed","sticky":false,"template":"","format":"standard","meta":{"wds_primary_category":42,"footnotes":""},"categories":[42],"tags":[48,51,47,54,49,53,50,52],"class_list":["post-6710","post","type-post","status-publish","format-standard","has-post-thumbnail","hentry","category-hochvolt-batterie-reparaturen","tag-120-ah-batterie","tag-batterie-reparatur","tag-bmw-i3-batterie-upgrade","tag-bmw-spezialist","tag-elektroauto-umruestung","tag-fahrzeugmodifikation","tag-hochvolt-technologie","tag-reichweitenverlaengerung"],"_links":{"self":[{"href":"https:\/\/suedwestfahrzeugtechnik.de\/en\/wp-json\/wp\/v2\/posts\/6710","targetHints":{"allow":["GET"]}}],"collection":[{"href":"https:\/\/suedwestfahrzeugtechnik.de\/en\/wp-json\/wp\/v2\/posts"}],"about":[{"href":"https:\/\/suedwestfahrzeugtechnik.de\/en\/wp-json\/wp\/v2\/types\/post"}],"author":[{"embeddable":true,"href":"https:\/\/suedwestfahrzeugtechnik.de\/en\/wp-json\/wp\/v2\/users\/1"}],"replies":[{"embeddable":true,"href":"https:\/\/suedwestfahrzeugtechnik.de\/en\/wp-json\/wp\/v2\/comments?post=6710"}],"version-history":[{"count":0,"href":"https:\/\/suedwestfahrzeugtechnik.de\/en\/wp-json\/wp\/v2\/posts\/6710\/revisions"}],"wp:featuredmedia":[{"embeddable":true,"href":"https:\/\/suedwestfahrzeugtechnik.de\/en\/wp-json\/wp\/v2\/media\/6719"}],"wp:attachment":[{"href":"https:\/\/suedwestfahrzeugtechnik.de\/en\/wp-json\/wp\/v2\/media?parent=6710"}],"wp:term":[{"taxonomy":"category","embeddable":true,"href":"https:\/\/suedwestfahrzeugtechnik.de\/en\/wp-json\/wp\/v2\/categories?post=6710"},{"taxonomy":"post_tag","embeddable":true,"href":"https:\/\/suedwestfahrzeugtechnik.de\/en\/wp-json\/wp\/v2\/tags?post=6710"}],"curies":[{"name":"wp","href":"https:\/\/api.w.org\/{rel}","templated":true}]}}