{"id":10479,"date":"2024-10-23T18:10:17","date_gmt":"2024-10-23T18:10:17","guid":{"rendered":"https:\/\/suedwestfahrzeugtechnik.de\/?p=10479"},"modified":"2024-10-23T19:09:06","modified_gmt":"2024-10-23T19:09:06","slug":"bmw-i3-rex-eme-reparatur","status":"publish","type":"post","link":"https:\/\/suedwestfahrzeugtechnik.de\/en\/bmw-i3-rex-eme-reparatur\/","title":{"rendered":"BMW I3 REX EME REPARATUR"},"content":{"rendered":"<div data-elementor-type=\"wp-post\" data-elementor-id=\"10479\" class=\"elementor elementor-10479\" data-elementor-post-type=\"post\">\n\t\t\t\t\t\t<section class=\"elementor-section elementor-top-section elementor-element elementor-element-524b0ce elementor-section-full_width elementor-section-height-default elementor-section-height-default qodef-elementor-content-no\" data-id=\"524b0ce\" data-element_type=\"section\" data-e-type=\"section\">\n\t\t\t\t\t\t<div class=\"elementor-container elementor-column-gap-default\">\n\t\t\t\t\t<div class=\"elementor-column elementor-col-100 elementor-top-column elementor-element elementor-element-b12a4ea\" data-id=\"b12a4ea\" data-element_type=\"column\" data-e-type=\"column\">\n\t\t\t<div class=\"elementor-widget-wrap elementor-element-populated\">\n\t\t\t\t\t\t<div class=\"elementor-element elementor-element-99b0f2f elementor-widget elementor-widget-text-editor\" data-id=\"99b0f2f\" data-element_type=\"widget\" data-e-type=\"widget\" data-widget_type=\"text-editor.default\">\n\t\t\t\t<div class=\"elementor-widget-container\">\n\t\t\t\t\t\t\t\t\t<blockquote><h4>EME-Defekt bei BMW \u2013 kosteng\u00fcnstige L\u00f6sung durch spezialisierte Reparatur.<\/h4><\/blockquote>\t\t\t\t\t\t\t\t<\/div>\n\t\t\t\t<\/div>\n\t\t\t\t\t<\/div>\n\t\t<\/div>\n\t\t\t\t\t<\/div>\n\t\t<\/section>\n\t\t\t\t<section class=\"elementor-section elementor-top-section elementor-element elementor-element-a9f295a elementor-section-full_width elementor-section-height-default elementor-section-height-default qodef-elementor-content-no\" data-id=\"a9f295a\" data-element_type=\"section\" data-e-type=\"section\">\n\t\t\t\t\t\t<div class=\"elementor-container elementor-column-gap-default\">\n\t\t\t\t\t<div class=\"elementor-column elementor-col-100 elementor-top-column elementor-element elementor-element-3662d2c\" data-id=\"3662d2c\" data-element_type=\"column\" data-e-type=\"column\">\n\t\t\t<div class=\"elementor-widget-wrap elementor-element-populated\">\n\t\t\t\t\t\t<div class=\"elementor-element elementor-element-03895c4 elementor-widget elementor-widget-text-editor\" data-id=\"03895c4\" data-element_type=\"widget\" data-e-type=\"widget\" data-widget_type=\"text-editor.default\">\n\t\t\t\t<div class=\"elementor-widget-container\">\n\t\t\t\t\t\t\t\t\t<p>Bei einem BMW-H\u00e4ndler wurde ein Defekt an der EME ( Elektromaschinen-Elektronik ) diagnostiziert, der zu Ladeproblemen f\u00fchrte. Der Kunde erhielt daraufhin einen Kostenvoranschlag in H\u00f6he von mehreren tausend Euro. F\u00fcr ihn war diese Reparatur wirtschaftlich kaum tragbar.<\/p>\t\t\t\t\t\t\t\t<\/div>\n\t\t\t\t<\/div>\n\t\t\t\t\t<\/div>\n\t\t<\/div>\n\t\t\t\t\t<\/div>\n\t\t<\/section>\n\t\t\t\t<section class=\"elementor-section elementor-top-section elementor-element elementor-element-d18ca14 elementor-section-full_width elementor-section-height-default elementor-section-height-default qodef-elementor-content-no\" data-id=\"d18ca14\" data-element_type=\"section\" data-e-type=\"section\">\n\t\t\t\t\t\t<div class=\"elementor-container elementor-column-gap-default\">\n\t\t\t\t\t<div class=\"elementor-column elementor-col-100 elementor-top-column elementor-element elementor-element-dc7df5c\" data-id=\"dc7df5c\" data-element_type=\"column\" data-e-type=\"column\">\n\t\t\t<div class=\"elementor-widget-wrap elementor-element-populated\">\n\t\t\t\t\t\t<div class=\"elementor-element elementor-element-67b5ded elementor-widget elementor-widget-text-editor\" data-id=\"67b5ded\" data-element_type=\"widget\" data-e-type=\"widget\" data-widget_type=\"text-editor.default\">\n\t\t\t\t<div class=\"elementor-widget-container\">\n\t\t\t\t\t\t\t\t\t<p>Wir haben den Fehler erneut \u00fcberpr\u00fcft und best\u00e4tigt, dass ein Austausch der EME notwendig ist. Der Austausch stellt eine gro\u00dfe Herausforderung dar, da daf\u00fcr die gesamte Antriebseinheit zusammen mit dem Rex-Motor ausgebaut werden muss. Da wir jedoch auf solche Reparaturen spezialisiert sind, war dies f\u00fcr uns kein Problem.<\/p><p>Nach der Bestellung einer Ersatz-EME haben wir diese eingebaut, die Wegfahrsperre zur\u00fcckgesetzt und das Steuerger\u00e4t neu angelernt. Somit konnte das Fahrzeug wieder problemlos genutzt werden \u2013 und das zu einem Bruchteil der urspr\u00fcnglich veranschlagten Kosten.<\/p>\t\t\t\t\t\t\t\t<\/div>\n\t\t\t\t<\/div>\n\t\t\t\t\t<\/div>\n\t\t<\/div>\n\t\t\t\t\t<\/div>\n\t\t<\/section>\n\t\t\t\t<section class=\"elementor-section elementor-top-section elementor-element elementor-element-a253a3b elementor-section-full_width elementor-section-height-default elementor-section-height-default qodef-elementor-content-no\" data-id=\"a253a3b\" data-element_type=\"section\" data-e-type=\"section\">\n\t\t\t\t\t\t<div class=\"elementor-container elementor-column-gap-default\">\n\t\t\t\t\t<div class=\"elementor-column elementor-col-100 elementor-top-column elementor-element elementor-element-66171cf\" data-id=\"66171cf\" data-element_type=\"column\" data-e-type=\"column\">\n\t\t\t<div class=\"elementor-widget-wrap elementor-element-populated\">\n\t\t\t\t\t\t<div class=\"elementor-element elementor-element-8de4969 elementor-widget elementor-widget-text-editor\" data-id=\"8de4969\" data-element_type=\"widget\" data-e-type=\"widget\" data-widget_type=\"text-editor.default\">\n\t\t\t\t<div class=\"elementor-widget-container\">\n\t\t\t\t\t\t\t\t\t<blockquote><h4>Was ist die Elektromaschinen-Elektronik?<\/h4><\/blockquote>\t\t\t\t\t\t\t\t<\/div>\n\t\t\t\t<\/div>\n\t\t\t\t\t<\/div>\n\t\t<\/div>\n\t\t\t\t\t<\/div>\n\t\t<\/section>\n\t\t\t\t<section class=\"elementor-section elementor-top-section elementor-element elementor-element-8eb6b7e elementor-section-full_width elementor-section-height-default elementor-section-height-default qodef-elementor-content-no\" data-id=\"8eb6b7e\" data-element_type=\"section\" data-e-type=\"section\">\n\t\t\t\t\t\t<div class=\"elementor-container elementor-column-gap-default\">\n\t\t\t\t\t<div class=\"elementor-column elementor-col-100 elementor-top-column elementor-element elementor-element-e8ff274\" data-id=\"e8ff274\" data-element_type=\"column\" data-e-type=\"column\">\n\t\t\t<div class=\"elementor-widget-wrap elementor-element-populated\">\n\t\t\t\t\t\t<div class=\"elementor-element elementor-element-7ba4243 elementor-widget elementor-widget-text-editor\" data-id=\"7ba4243\" data-element_type=\"widget\" data-e-type=\"widget\" data-widget_type=\"text-editor.default\">\n\t\t\t\t<div class=\"elementor-widget-container\">\n\t\t\t\t\t\t\t\t\t<p>Die Elektromaschinen-Elektronik (EME) ist eine Leistungselektronik, die in einem Aluminiumgeh\u00e4use untergebracht. In diesem Aluminiumgeh\u00e4use befinden sich folgende Komponenten:<\/p><ul><li>Steuerger\u00e4t Elektromaschinen-Elektronik (EME)<\/li><li>DC\/DC-Wandler<\/li><li>Umrichter (Wechselrichter und Gleichrichter)<\/li><li>Ladeelektronik<\/li><\/ul>\t\t\t\t\t\t\t\t<\/div>\n\t\t\t\t<\/div>\n\t\t\t\t\t<\/div>\n\t\t<\/div>\n\t\t\t\t\t<\/div>\n\t\t<\/section>\n\t\t<div class=\"elementor-element elementor-element-4774b4f e-flex e-con-boxed e-con e-parent\" data-id=\"4774b4f\" data-element_type=\"container\" data-e-type=\"container\">\n\t\t\t\t\t<div class=\"e-con-inner\">\n\t\t\t\t<div class=\"elementor-element elementor-element-6faa175 elementor-widget elementor-widget-gallery\" data-id=\"6faa175\" data-element_type=\"widget\" data-e-type=\"widget\" data-settings=\"{&quot;columns&quot;:2,&quot;aspect_ratio&quot;:&quot;4:3&quot;,&quot;lazyload&quot;:&quot;yes&quot;,&quot;gallery_layout&quot;:&quot;grid&quot;,&quot;columns_tablet&quot;:2,&quot;columns_mobile&quot;:1,&quot;gap&quot;:{&quot;unit&quot;:&quot;px&quot;,&quot;size&quot;:10,&quot;sizes&quot;:[]},&quot;gap_tablet&quot;:{&quot;unit&quot;:&quot;px&quot;,&quot;size&quot;:10,&quot;sizes&quot;:[]},&quot;gap_mobile&quot;:{&quot;unit&quot;:&quot;px&quot;,&quot;size&quot;:10,&quot;sizes&quot;:[]},&quot;link_to&quot;:&quot;file&quot;,&quot;overlay_background&quot;:&quot;yes&quot;,&quot;content_hover_animation&quot;:&quot;fade-in&quot;}\" data-widget_type=\"gallery.default\">\n\t\t\t\t<div class=\"elementor-widget-container\">\n\t\t\t\t\t\t\t<div class=\"elementor-gallery__container\">\n\t\t\t\t\t\t\t<a class=\"e-gallery-item elementor-gallery-item elementor-animated-content\" href=\"https:\/\/b3560312.smushcdn.com\/3560312\/wp-content\/uploads\/2024\/10\/BMW-I3-REX-EME-Rreparatur-1-scaled.jpg?lossy=2&strip=1&webp=1\" data-elementor-open-lightbox=\"yes\" data-elementor-lightbox-slideshow=\"6faa175\" data-elementor-lightbox-title=\"BMW-I3-REX-EME-Rreparatur-1\" data-e-action-hash=\"#elementor-action%3Aaction%3Dlightbox%26settings%3DeyJpZCI6MTA1MTIsInVybCI6Imh0dHBzOlwvXC9zdWVkd2VzdGZhaHJ6ZXVndGVjaG5pay5kZVwvd3AtY29udGVudFwvdXBsb2Fkc1wvMjAyNFwvMTBcL0JNVy1JMy1SRVgtRU1FLVJyZXBhcmF0dXItMS1zY2FsZWQuanBnIiwic2xpZGVzaG93IjoiNmZhYTE3NSJ9\">\n\t\t\t\t\t<div class=\"e-gallery-image elementor-gallery-item__image\" data-thumbnail=\"https:\/\/b3560312.smushcdn.com\/3560312\/wp-content\/uploads\/2024\/10\/BMW-I3-REX-EME-Rreparatur-1-768x1154.jpg?lossy=2&strip=1&webp=1\" data-width=\"768\" data-height=\"1154\" aria-label=\"\" role=\"img\" ><\/div>\n\t\t\t\t\t\t\t\t\t\t\t<div class=\"elementor-gallery-item__overlay\"><\/div>\n\t\t\t\t\t\t\t\t\t\t\t\t\t\t<\/a>\n\t\t\t\t\t\t\t<a class=\"e-gallery-item elementor-gallery-item elementor-animated-content\" href=\"https:\/\/b3560312.smushcdn.com\/3560312\/wp-content\/uploads\/2024\/10\/BMW-I3-REX-EME-Rreparatur-2-scaled.jpg?lossy=2&strip=1&webp=1\" data-elementor-open-lightbox=\"yes\" data-elementor-lightbox-slideshow=\"6faa175\" data-elementor-lightbox-title=\"BMW-I3-REX-EME-Rreparatur-2\" data-e-action-hash=\"#elementor-action%3Aaction%3Dlightbox%26settings%3DeyJpZCI6MTA1MTMsInVybCI6Imh0dHBzOlwvXC9zdWVkd2VzdGZhaHJ6ZXVndGVjaG5pay5kZVwvd3AtY29udGVudFwvdXBsb2Fkc1wvMjAyNFwvMTBcL0JNVy1JMy1SRVgtRU1FLVJyZXBhcmF0dXItMi1zY2FsZWQuanBnIiwic2xpZGVzaG93IjoiNmZhYTE3NSJ9\">\n\t\t\t\t\t<div class=\"e-gallery-image elementor-gallery-item__image\" data-thumbnail=\"https:\/\/b3560312.smushcdn.com\/3560312\/wp-content\/uploads\/2024\/10\/BMW-I3-REX-EME-Rreparatur-2-768x1154.jpg?lossy=2&strip=1&webp=1\" data-width=\"768\" data-height=\"1154\" aria-label=\"\" role=\"img\" ><\/div>\n\t\t\t\t\t\t\t\t\t\t\t<div class=\"elementor-gallery-item__overlay\"><\/div>\n\t\t\t\t\t\t\t\t\t\t\t\t\t\t<\/a>\n\t\t\t\t\t\t\t<a class=\"e-gallery-item elementor-gallery-item elementor-animated-content\" href=\"https:\/\/b3560312.smushcdn.com\/3560312\/wp-content\/uploads\/2024\/10\/BMW-I3-REX-EME-Rreparatur-3-scaled.jpg?lossy=2&strip=1&webp=1\" data-elementor-open-lightbox=\"yes\" data-elementor-lightbox-slideshow=\"6faa175\" data-elementor-lightbox-title=\"BMW-I3-REX-EME-Rreparatur-3\" data-e-action-hash=\"#elementor-action%3Aaction%3Dlightbox%26settings%3DeyJpZCI6MTA1MTQsInVybCI6Imh0dHBzOlwvXC9zdWVkd2VzdGZhaHJ6ZXVndGVjaG5pay5kZVwvd3AtY29udGVudFwvdXBsb2Fkc1wvMjAyNFwvMTBcL0JNVy1JMy1SRVgtRU1FLVJyZXBhcmF0dXItMy1zY2FsZWQuanBnIiwic2xpZGVzaG93IjoiNmZhYTE3NSJ9\">\n\t\t\t\t\t<div class=\"e-gallery-image elementor-gallery-item__image\" data-thumbnail=\"https:\/\/b3560312.smushcdn.com\/3560312\/wp-content\/uploads\/2024\/10\/BMW-I3-REX-EME-Rreparatur-3-768x1154.jpg?lossy=2&strip=1&webp=1\" data-width=\"768\" data-height=\"1154\" aria-label=\"\" role=\"img\" ><\/div>\n\t\t\t\t\t\t\t\t\t\t\t<div class=\"elementor-gallery-item__overlay\"><\/div>\n\t\t\t\t\t\t\t\t\t\t\t\t\t\t<\/a>\n\t\t\t\t\t\t\t<a class=\"e-gallery-item elementor-gallery-item elementor-animated-content\" href=\"https:\/\/b3560312.smushcdn.com\/3560312\/wp-content\/uploads\/2024\/10\/BMW-I3-REX-EME-Rreparatur-4-scaled.jpg?lossy=2&strip=1&webp=1\" data-elementor-open-lightbox=\"yes\" data-elementor-lightbox-slideshow=\"6faa175\" data-elementor-lightbox-title=\"BMW-I3-REX-EME-Rreparatur-4\" data-e-action-hash=\"#elementor-action%3Aaction%3Dlightbox%26settings%3DeyJpZCI6MTA1MTUsInVybCI6Imh0dHBzOlwvXC9zdWVkd2VzdGZhaHJ6ZXVndGVjaG5pay5kZVwvd3AtY29udGVudFwvdXBsb2Fkc1wvMjAyNFwvMTBcL0JNVy1JMy1SRVgtRU1FLVJyZXBhcmF0dXItNC1zY2FsZWQuanBnIiwic2xpZGVzaG93IjoiNmZhYTE3NSJ9\">\n\t\t\t\t\t<div class=\"e-gallery-image elementor-gallery-item__image\" data-thumbnail=\"https:\/\/b3560312.smushcdn.com\/3560312\/wp-content\/uploads\/2024\/10\/BMW-I3-REX-EME-Rreparatur-4-768x1154.jpg?lossy=2&strip=1&webp=1\" data-width=\"768\" data-height=\"1154\" aria-label=\"\" role=\"img\" ><\/div>\n\t\t\t\t\t\t\t\t\t\t\t<div class=\"elementor-gallery-item__overlay\"><\/div>\n\t\t\t\t\t\t\t\t\t\t\t\t\t\t<\/a>\n\t\t\t\t\t<\/div>\n\t\t\t\t\t<\/div>\n\t\t\t\t<\/div>\n\t\t\t\t\t<\/div>\n\t\t\t\t<\/div>\n\t\t\t\t<section class=\"elementor-section elementor-top-section elementor-element elementor-element-05ba11f qodef-elementor-content-grid qodef-btt-light elementor-section-full_width elementor-section-height-default elementor-section-height-default\" data-id=\"05ba11f\" data-element_type=\"section\" data-e-type=\"section\">\n\t\t\t\t\t\t<div class=\"elementor-container elementor-column-gap-default\">\n\t\t\t\t\t<div class=\"elementor-column elementor-col-100 elementor-top-column elementor-element elementor-element-666cdd3\" data-id=\"666cdd3\" data-element_type=\"column\" data-e-type=\"column\">\n\t\t\t<div class=\"elementor-widget-wrap elementor-element-populated\">\n\t\t\t\t\t\t<div class=\"elementor-element elementor-element-fafcdb3 elementor-widget elementor-widget-shiftup_core_section_title\" data-id=\"fafcdb3\" data-element_type=\"widget\" data-e-type=\"widget\" data-widget_type=\"shiftup_core_section_title.default\">\n\t\t\t\t<div class=\"elementor-widget-container\">\n\t\t\t\t\t<div class=\"qodef-shortcode qodef-m  qodef-section-title qodef-alignment--left\">\n\t\t<h3 class=\"qodef-m-title\" style=\"color: #FFFFFF\">\n\t\t\t\t\tLocal expertise in Wiesloch\t\t\t<\/h3>\n\t<\/div>\n\t\t\t\t<\/div>\n\t\t\t\t<\/div>\n\t\t\t\t\t<\/div>\n\t\t<\/div>\n\t\t\t\t\t<\/div>\n\t\t<\/section>\n\t\t\t\t<section class=\"elementor-section elementor-top-section elementor-element elementor-element-a4a30f1 elementor-section-full_width elementor-section-height-default elementor-section-height-default qodef-elementor-content-no\" data-id=\"a4a30f1\" data-element_type=\"section\" data-e-type=\"section\">\n\t\t\t\t\t\t<div class=\"elementor-container elementor-column-gap-default\">\n\t\t\t\t\t<div class=\"elementor-column elementor-col-100 elementor-top-column elementor-element elementor-element-b71738b\" data-id=\"b71738b\" data-element_type=\"column\" data-e-type=\"column\">\n\t\t\t<div class=\"elementor-widget-wrap elementor-element-populated\">\n\t\t\t\t\t\t<div class=\"elementor-element elementor-element-2c49c87 elementor-widget elementor-widget-text-editor\" data-id=\"2c49c87\" data-element_type=\"widget\" data-e-type=\"widget\" data-widget_type=\"text-editor.default\">\n\t\t\t\t<div class=\"elementor-widget-container\">\n\t\t\t\t\t\t\t\t\t<p>With our workshop in Wiesloch, we offer you locally based expertise and fast service. Our more than 19 years of experience in vehicle technology and our certification by the Chamber of Crafts speak for themselves.<\/p><p>Learn more about our professional ECU repair and cloning solutions and how we can help you maximize your vehicle's performance and safety.<\/p>\t\t\t\t\t\t\t\t<\/div>\n\t\t\t\t<\/div>\n\t\t\t\t\t<\/div>\n\t\t<\/div>\n\t\t\t\t\t<\/div>\n\t\t<\/section>\n\t\t\t\t<section class=\"elementor-section elementor-top-section elementor-element elementor-element-f5df4e6 elementor-section-full_width elementor-section-height-default elementor-section-height-default qodef-elementor-content-no\" data-id=\"f5df4e6\" data-element_type=\"section\" data-e-type=\"section\">\n\t\t\t\t\t\t<div class=\"elementor-container elementor-column-gap-default\">\n\t\t\t\t\t<div class=\"elementor-column elementor-col-100 elementor-top-column elementor-element elementor-element-4b04a8c\" data-id=\"4b04a8c\" data-element_type=\"column\" data-e-type=\"column\">\n\t\t\t<div class=\"elementor-widget-wrap elementor-element-populated\">\n\t\t\t\t\t\t<div class=\"elementor-element elementor-element-a6ba430 elementor-widget__width-auto elementor-widget elementor-widget-shiftup_core_button\" data-id=\"a6ba430\" data-element_type=\"widget\" data-e-type=\"widget\" data-widget_type=\"shiftup_core_button.default\">\n\t\t\t\t<div class=\"elementor-widget-container\">\n\t\t\t\t\t<a class=\"qodef-shortcode qodef-m  qodef-button qodef-layout--filled  qodef-html--link\" href=\"https:\/\/suedwestfahrzeugtechnik.de\/en\/dienstleistungen\/\" target=\"_self\"  style=\"font-size: 15px;font-weight: 600;margin: 30px 0 0 0\">\n\t\t<span class=\"qodef-m-text\">Services<\/span>\n<\/a>\n\t\t\t\t<\/div>\n\t\t\t\t<\/div>\n\t\t\t\t\t<\/div>\n\t\t<\/div>\n\t\t\t\t\t<\/div>\n\t\t<\/section>\n\t\t\t\t<section class=\"elementor-section elementor-top-section elementor-element elementor-element-4ae31d5 qodef-elementor-content-grid qodef-btt-light elementor-section-full_width elementor-section-height-default elementor-section-height-default\" data-id=\"4ae31d5\" data-element_type=\"section\" data-e-type=\"section\">\n\t\t\t\t\t\t<div class=\"elementor-container elementor-column-gap-default\">\n\t\t\t\t\t<div class=\"elementor-column elementor-col-100 elementor-top-column elementor-element elementor-element-85a87fb\" data-id=\"85a87fb\" data-element_type=\"column\" data-e-type=\"column\">\n\t\t\t<div class=\"elementor-widget-wrap elementor-element-populated\">\n\t\t\t\t\t\t<div class=\"elementor-element elementor-element-7543f97 elementor-widget elementor-widget-shiftup_core_section_title\" data-id=\"7543f97\" data-element_type=\"widget\" data-e-type=\"widget\" data-widget_type=\"shiftup_core_section_title.default\">\n\t\t\t\t<div class=\"elementor-widget-container\">\n\t\t\t\t\t<div class=\"qodef-shortcode qodef-m  qodef-section-title qodef-alignment--left\">\n\t\t<h3 class=\"qodef-m-title\" style=\"color: #FFFFFF\">\n\t\t\t\t\tMake an appointment now\t\t\t<\/h3>\n\t<\/div>\n\t\t\t\t<\/div>\n\t\t\t\t<\/div>\n\t\t\t\t\t<\/div>\n\t\t<\/div>\n\t\t\t\t\t<\/div>\n\t\t<\/section>\n\t\t\t\t<section class=\"elementor-section elementor-top-section elementor-element elementor-element-a0a98a3 elementor-section-full_width elementor-section-height-default elementor-section-height-default qodef-elementor-content-no\" data-id=\"a0a98a3\" data-element_type=\"section\" data-e-type=\"section\">\n\t\t\t\t\t\t<div class=\"elementor-container elementor-column-gap-default\">\n\t\t\t\t\t<div class=\"elementor-column elementor-col-100 elementor-top-column elementor-element elementor-element-50e4c07\" data-id=\"50e4c07\" data-element_type=\"column\" data-e-type=\"column\">\n\t\t\t<div class=\"elementor-widget-wrap elementor-element-populated\">\n\t\t\t\t\t\t<div class=\"elementor-element elementor-element-01fe67e elementor-widget elementor-widget-text-editor\" data-id=\"01fe67e\" data-element_type=\"widget\" data-e-type=\"widget\" data-widget_type=\"text-editor.default\">\n\t\t\t\t<div class=\"elementor-widget-container\">\n\t\t\t\t\t\t\t\t\t<p>Ensure the reliability and functionality of your vehicle with our ECU repair and cloning service. Contact us today to schedule an appointment and learn more about our services.<\/p>\t\t\t\t\t\t\t\t<\/div>\n\t\t\t\t<\/div>\n\t\t\t\t\t<\/div>\n\t\t<\/div>\n\t\t\t\t\t<\/div>\n\t\t<\/section>\n\t\t\t\t<section class=\"elementor-section elementor-top-section elementor-element elementor-element-4a4cd1c elementor-section-full_width elementor-section-height-default elementor-section-height-default qodef-elementor-content-no\" data-id=\"4a4cd1c\" data-element_type=\"section\" data-e-type=\"section\">\n\t\t\t\t\t\t<div class=\"elementor-container elementor-column-gap-default\">\n\t\t\t\t\t<div class=\"elementor-column elementor-col-100 elementor-top-column elementor-element elementor-element-0b2176b\" data-id=\"0b2176b\" data-element_type=\"column\" data-e-type=\"column\">\n\t\t\t<div class=\"elementor-widget-wrap elementor-element-populated\">\n\t\t\t\t\t\t<div class=\"elementor-element elementor-element-f61e0ad elementor-widget__width-auto elementor-widget elementor-widget-shiftup_core_button\" data-id=\"f61e0ad\" data-element_type=\"widget\" data-e-type=\"widget\" data-widget_type=\"shiftup_core_button.default\">\n\t\t\t\t<div class=\"elementor-widget-container\">\n\t\t\t\t\t<a class=\"qodef-shortcode qodef-m  qodef-button qodef-layout--filled  qodef-html--link\" href=\"https:\/\/suedwestfahrzeugtechnik.de\/en\/kontakt\/\" target=\"_self\"  style=\"font-size: 15px;font-weight: 600;margin: 30px 0 0 0\">\n\t\t<span class=\"qodef-m-text\">Contact<\/span>\n<\/a>\n\t\t\t\t<\/div>\n\t\t\t\t<\/div>\n\t\t\t\t\t<\/div>\n\t\t<\/div>\n\t\t\t\t\t<\/div>\n\t\t<\/section>\n\t\t\t\t<\/div>","protected":false},"excerpt":{"rendered":"<p>EME-Defekt bei BMW \u2013 kosteng\u00fcnstige L\u00f6sung durch spezialisierte Reparatur. Bei einem BMW-H\u00e4ndler wurde ein Defekt an der EME ( Elektromaschinen-Elektronik ) diagnostiziert, der zu Ladeproblemen f\u00fchrte. Der Kunde erhielt daraufhin einen Kostenvoranschlag in H\u00f6he von mehreren tausend Euro. F\u00fcr ihn war diese Reparatur wirtschaftlich kaum tragbar. Wir haben den Fehler erneut \u00fcberpr\u00fcft und best\u00e4tigt, dass [&hellip;]<\/p>\n","protected":false},"author":1,"featured_media":10514,"comment_status":"closed","ping_status":"closed","sticky":false,"template":"","format":"standard","meta":{"wds_primary_category":46,"footnotes":""},"categories":[46],"tags":[73,74,71,70,72],"class_list":["post-10479","post","type-post","status-publish","format-standard","has-post-thumbnail","hentry","category-bmw-i3-service","tag-bench-klonen","tag-boot-klonen","tag-ecu-reparatur","tag-steuergeraet-klonen","tag-wegfahrsperren-anpassung"],"_links":{"self":[{"href":"https:\/\/suedwestfahrzeugtechnik.de\/en\/wp-json\/wp\/v2\/posts\/10479","targetHints":{"allow":["GET"]}}],"collection":[{"href":"https:\/\/suedwestfahrzeugtechnik.de\/en\/wp-json\/wp\/v2\/posts"}],"about":[{"href":"https:\/\/suedwestfahrzeugtechnik.de\/en\/wp-json\/wp\/v2\/types\/post"}],"author":[{"embeddable":true,"href":"https:\/\/suedwestfahrzeugtechnik.de\/en\/wp-json\/wp\/v2\/users\/1"}],"replies":[{"embeddable":true,"href":"https:\/\/suedwestfahrzeugtechnik.de\/en\/wp-json\/wp\/v2\/comments?post=10479"}],"version-history":[{"count":0,"href":"https:\/\/suedwestfahrzeugtechnik.de\/en\/wp-json\/wp\/v2\/posts\/10479\/revisions"}],"wp:featuredmedia":[{"embeddable":true,"href":"https:\/\/suedwestfahrzeugtechnik.de\/en\/wp-json\/wp\/v2\/media\/10514"}],"wp:attachment":[{"href":"https:\/\/suedwestfahrzeugtechnik.de\/en\/wp-json\/wp\/v2\/media?parent=10479"}],"wp:term":[{"taxonomy":"category","embeddable":true,"href":"https:\/\/suedwestfahrzeugtechnik.de\/en\/wp-json\/wp\/v2\/categories?post=10479"},{"taxonomy":"post_tag","embeddable":true,"href":"https:\/\/suedwestfahrzeugtechnik.de\/en\/wp-json\/wp\/v2\/tags?post=10479"}],"curies":[{"name":"wp","href":"https:\/\/api.w.org\/{rel}","templated":true}]}}